{"id":3699,"date":"2025-04-07T13:07:19","date_gmt":"2025-04-07T13:07:19","guid":{"rendered":"https:\/\/bauenmallorca.com\/?p=3699"},"modified":"2025-04-07T13:21:15","modified_gmt":"2025-04-07T13:21:15","slug":"salone-del-mobile-milano-la-feria-de-muebles-y-diseno-mas-importante-del-mundo","status":"publish","type":"post","link":"https:\/\/bauenmallorca.com\/es\/salone-del-mobile-milano-la-feria-de-muebles-y-diseno-mas-importante-del-mundo\/","title":{"rendered":"Salone del Mobile Milano &#8211; La feria de muebles y dise\u00f1o m\u00e1s importante del mundo"},"content":{"rendered":"\t\t<div data-elementor-type=\"wp-post\" data-elementor-id=\"3699\" class=\"elementor elementor-3699\" data-elementor-post-type=\"post\">\n\t\t\t\t\t\t<section class=\"elementor-section elementor-top-section elementor-element elementor-element-58aaa57f elementor-section-boxed elementor-section-height-default elementor-section-height-default\" data-id=\"58aaa57f\" data-element_type=\"section\">\n\t\t\t\t\t\t<div class=\"elementor-container elementor-column-gap-default\">\n\t\t\t\t\t<div class=\"elementor-column elementor-col-100 elementor-top-column elementor-element elementor-element-18cd2dbd\" data-id=\"18cd2dbd\" data-element_type=\"column\">\n\t\t\t<div class=\"elementor-widget-wrap elementor-element-populated\">\n\t\t\t\t\t\t<div class=\"elementor-element elementor-element-6159fbf3 elementor-widget elementor-widget-theme-post-featured-image elementor-widget-image\" data-id=\"6159fbf3\" data-element_type=\"widget\" data-widget_type=\"theme-post-featured-image.default\">\n\t\t\t\t<div class=\"elementor-widget-container\">\n\t\t\t\t\t\t\t\t\t\t\t\t\t\t\t<img fetchpriority=\"high\" decoding=\"async\" width=\"1920\" height=\"1080\" src=\"https:\/\/bauenmallorca.com\/wp-content\/uploads\/2025\/04\/SDM_Plakat.webp\" class=\"attachment-full size-full wp-image-3695\" alt=\"Cartel oficial del Salone del Mobile 2025 de Mil\u00e1n\" srcset=\"https:\/\/bauenmallorca.com\/wp-content\/uploads\/2025\/04\/SDM_Plakat.webp 1920w, https:\/\/bauenmallorca.com\/wp-content\/uploads\/2025\/04\/SDM_Plakat-300x169.webp 300w, https:\/\/bauenmallorca.com\/wp-content\/uploads\/2025\/04\/SDM_Plakat-1024x576.webp 1024w, https:\/\/bauenmallorca.com\/wp-content\/uploads\/2025\/04\/SDM_Plakat-768x432.webp 768w, https:\/\/bauenmallorca.com\/wp-content\/uploads\/2025\/04\/SDM_Plakat-1536x864.webp 1536w\" sizes=\"(max-width: 1920px) 100vw, 1920px\" \/>\t\t\t\t\t\t\t\t\t\t\t\t\t\t\t<\/div>\n\t\t\t\t<\/div>\n\t\t\t\t\t<\/div>\n\t\t<\/div>\n\t\t\t\t\t<\/div>\n\t\t<\/section>\n\t\t\t\t<section class=\"elementor-section elementor-top-section elementor-element elementor-element-7a41f5f3 elementor-section-boxed elementor-section-height-default elementor-section-height-default\" data-id=\"7a41f5f3\" data-element_type=\"section\">\n\t\t\t\t\t\t<div class=\"elementor-container elementor-column-gap-default\">\n\t\t\t\t\t<div class=\"elementor-column elementor-col-100 elementor-top-column elementor-element elementor-element-4cc4ed69\" data-id=\"4cc4ed69\" data-element_type=\"column\">\n\t\t\t<div class=\"elementor-widget-wrap elementor-element-populated\">\n\t\t\t\t\t\t<div class=\"elementor-element elementor-element-58c824f7 elementor-widget elementor-widget-theme-post-title elementor-page-title elementor-widget-heading\" data-id=\"58c824f7\" data-element_type=\"widget\" data-widget_type=\"theme-post-title.default\">\n\t\t\t\t<div class=\"elementor-widget-container\">\n\t\t\t\t\t<h1 class=\"elementor-heading-title elementor-size-default\">Salone del Mobile Milano &#8211; La feria de muebles y dise\u00f1o m\u00e1s importante del mundo<\/h1>\t\t\t\t<\/div>\n\t\t\t\t<\/div>\n\t\t\t\t\t<\/div>\n\t\t<\/div>\n\t\t\t\t\t<\/div>\n\t\t<\/section>\n\t\t\t\t<section class=\"elementor-section elementor-top-section elementor-element elementor-element-542102c9 elementor-section-boxed elementor-section-height-default elementor-section-height-default\" data-id=\"542102c9\" data-element_type=\"section\" id=\"caja\">\n\t\t\t\t\t\t<div class=\"elementor-container elementor-column-gap-default\">\n\t\t\t\t\t<div class=\"elementor-column elementor-col-100 elementor-top-column elementor-element elementor-element-543b9591\" data-id=\"543b9591\" data-element_type=\"column\">\n\t\t\t<div class=\"elementor-widget-wrap elementor-element-populated\">\n\t\t\t\t\t\t<div class=\"elementor-element elementor-element-2d5b8fd4 elementor-widget elementor-widget-text-editor\" data-id=\"2d5b8fd4\" data-element_type=\"widget\" data-widget_type=\"text-editor.default\">\n\t\t\t\t<div class=\"elementor-widget-container\">\n\t\t\t\t\t\t\t\t\t<p>El Salone del Mobile de Mil\u00e1n es la feria de muebles, dise\u00f1o y arquitectura de interiores m\u00e1s importante del mundo. Desde su fundaci\u00f3n en 1961, se ha convertido en uno de los puntos de encuentro m\u00e1s importantes para arquitectos, dise\u00f1adores y fabricantes de muebles. Cada a\u00f1o, miles de visitantes profesionales acuden a Mil\u00e1n para conocer las \u00faltimas novedades del sector, establecer contactos y descubrir dise\u00f1os innovadores.<\/p>\n<br><br>\n<h2 style=\"font-size:20px;\">La historia del Salone del Mobile\n<\/h2><p>La feria se cre\u00f3 originalmente para promocionar internacionalmente la industria italiana del mueble y demostrar su fuerza innovadora. Lo que comenz\u00f3 como un peque\u00f1o evento comercial es ahora una de las ferias m\u00e1s importantes del mundo. Desde la d\u00e9cada de 1970, el Salone del Mobile no ha dejado de ampliarse y ahora incluye no s\u00f3lo muebles, sino tambi\u00e9n iluminaci\u00f3n (Euroluce), mobiliario de oficina (Workplace 3.0) e innovaciones en cocina (EuroCucina). A lo largo de los a\u00f1os, grandes casas de dise\u00f1o y arquitectos de renombre han utilizado la feria como plataforma para presentar conceptos innovadores y dise\u00f1os visionarios.<\/p>\n<br><br>\n<h2 style=\"font-size:20px;\">\u00bfPor qu\u00e9 es tan importante la feria?\n<\/h2><p>El Salone del Mobile es una plataforma indispensable para que la industria del dise\u00f1o de interiores conozca nuevos materiales, procesos de fabricaci\u00f3n y tendencias de dise\u00f1o. Aqu\u00ed es donde la \u00e9lite del sector se re\u00fane para establecer contactos y forjar colaboraciones con visi\u00f3n de futuro. Cada a\u00f1o, la feria establece nuevos est\u00e1ndares en t\u00e9rminos de creatividad, sostenibilidad y uso de la tecnolog\u00eda.\n<\/p><br><br>\n<h2 style=\"font-size:20px;\">Razones importantes para visitar la feria:\n<\/h2><ul><li>Establecer contactos internacionales: el Salone del Mobile re\u00fane a destacados arquitectos, dise\u00f1adores y empresas de todo el mundo<\/li><li>Descubrir materiales innovadores: Aqu\u00ed se presentan por primera vez nuevos materiales y m\u00e9todos de producci\u00f3n sostenibles<\/li><li> Experimente los avances tecnol\u00f3gicos: las soluciones inteligentes para el hogar y los m\u00e9todos de producci\u00f3n digital se integran cada vez m\u00e1s en el dise\u00f1o de muebles<\/li><li>Conozca dise\u00f1os inspiradores: la feria es un escenario para dise\u00f1adores de renombre y talentos emergentes<\/li><li>Seguir la evoluci\u00f3n del mercado: Las empresas obtienen informaci\u00f3n valiosa sobre las \u00faltimas tendencias de consumo y los cambios del mercado<\/li><\/ul><br>\n<h2 style=\"font-size:20px;\">\u00bfQu\u00e9 se puede esperar del Salone del Mobile?\n<\/h2><p>La feria presenta una impresionante variedad de muebles, conceptos de vivienda y materiales innovadores. Adem\u00e1s de las exposiciones principales, habr\u00e1 numerosas conferencias, talleres y mesas redondas en las que expertos del sector hablar\u00e1n de los retos actuales y futuros. Otro acontecimiento destacado es la entrega de premios de dise\u00f1o a proyectos destacados y nuevos productos.\nSe prestar\u00e1 especial atenci\u00f3n a la combinaci\u00f3n de artesan\u00eda y tecnolog\u00eda. Muchos fabricantes demostrar\u00e1n c\u00f3mo combinan t\u00e9cnicas de fabricaci\u00f3n tradicionales con m\u00e9todos de producci\u00f3n modernos y sostenibles. El resultado son muebles duraderos, de alta calidad, est\u00e9ticos y funcionales.\n<\/p><br><br>\n<h2 style=\"font-size:20px;\">Fuori Salone &#8211; El programa creativo de apoyo\n<\/h2><p>El Fuori Salone se celebra en todo Mil\u00e1n paralelamente a la feria principal. Se organizan eventos exclusivos, exposiciones e instalaciones en diversos distritos como Brera, Tortona y Lambrate. Estos eventos ofrecen una plataforma para que dise\u00f1os experimentales, proyectos interdisciplinares y j\u00f3venes talentos presenten sus ideas visionarias.<\/p><br>\n<h3 style=\"font-size:18px;\">Puntos destacados del Fuori Salone:\n<\/h3><ul><li>Brera Design District: sede de numerosos estudios de dise\u00f1o de renombre. Durante el Fuori Salone, el barrio se transforma en una gran exposici\u00f3n al aire libre con instalaciones interactivas y conceptos creativos<\/li><li>Tortona Design Week: conocida por sus planteamientos vanguardistas, Tortona es un punto de encuentro de dise\u00f1os de productos innovadores y desarrollos tecnol\u00f3gicos en el sector del mobiliario y el dise\u00f1o de interiores<\/li><li>Lambrate Design District: Un lugar para que los dise\u00f1adores emergentes presenten sus dise\u00f1os sostenibles y poco convencionales<\/li><li>Superstudio Pi\u00f9: Uno de los lugares m\u00e1s importantes para grandes exposiciones con marcas reconocidas internacionalmente<\/li><\/ul><p>El Fuori Salone es un complemento perfecto del programa principal, ya que ofrece un entorno urbano y experimental para la creatividad. Aqu\u00ed podr\u00e1 ver hacia d\u00f3nde se dirigir\u00e1 el mundo del dise\u00f1o en los pr\u00f3ximos a\u00f1os.<\/p>\n<br><br><h2 style=\"font-size:20px;\">La importancia para el futuro del dise\u00f1o de interiores \n<\/h2><p>El Salone del Mobile es una cita ineludible para las empresas del sector del dise\u00f1o de interiores. Las innovaciones y materiales que all\u00ed se presentan permiten prepararse con antelaci\u00f3n para futuros desarrollos e integrar nuevas ideas en los proyectos actuales y futuros.\nLa sostenibilidad es un tema central de la feria y tambi\u00e9n desempe\u00f1a un papel cada vez m\u00e1s importante en la industria del dise\u00f1o de interiores. Por tanto, la feria ofrece una valiosa oportunidad para explorar soluciones sostenibles para interiores que no s\u00f3lo son est\u00e9ticamente agradables, sino que tambi\u00e9n conservan los recursos.\n<\/p><br><br>\n<h2 style=\"font-size:20px;\">Conclusi\u00f3n\n<\/h2><p>El Salone del Mobile es algo m\u00e1s que una feria del mueble: es el centro de la escena internacional del dise\u00f1o. El evento ofrece una oportunidad \u00fanica para intercambiar ideas con los actores m\u00e1s importantes del sector, conocer los avances de futuro e inspirarse en las \u00faltimas tendencias del dise\u00f1o y el interiorismo. Visitar esta feria es un paso crucial para mantenerse al d\u00eda e integrar ideas innovadoras en sus propios proyectos.\nYa sea como fuente de inspiraci\u00f3n, intercambio de contactos o mercado de nuevos materiales, el Salone del Mobile sigue siendo el acontecimiento m\u00e1s importante para todos los que se dedican al dise\u00f1o de interiores, la arquitectura de interiores y los materiales sostenibles.\n<\/p>\n\n\n\n\t\t\t\t\t\t\t\t<\/div>\n\t\t\t\t<\/div>\n\t\t\t\t\t<\/div>\n\t\t<\/div>\n\t\t\t\t\t<\/div>\n\t\t<\/section>\n\t\t\t\t<section class=\"elementor-section elementor-top-section elementor-element elementor-element-44558b89 elementor-section-boxed elementor-section-height-default elementor-section-height-default\" data-id=\"44558b89\" data-element_type=\"section\">\n\t\t\t\t\t\t<div class=\"elementor-container elementor-column-gap-default\">\n\t\t\t\t\t<div class=\"elementor-column elementor-col-100 elementor-top-column elementor-element elementor-element-4b008cf0\" data-id=\"4b008cf0\" data-element_type=\"column\" data-settings=\"{&quot;animation&quot;:&quot;none&quot;}\">\n\t\t\t<div class=\"elementor-widget-wrap elementor-element-populated\">\n\t\t\t\t\t\t<div class=\"elementor-element elementor-element-5bf69aa9 elementor-widget elementor-widget-text-editor\" data-id=\"5bf69aa9\" data-element_type=\"widget\" data-widget_type=\"text-editor.default\">\n\t\t\t\t<div class=\"elementor-widget-container\">\n\t\t\t\t\t\t\t\t\t<p>COMPARTIR CONSEJO<\/p>\t\t\t\t\t\t\t\t<\/div>\n\t\t\t\t<\/div>\n\t\t\t\t<div class=\"elementor-element elementor-element-3b20e70e elementor-share-buttons--view-icon elementor-share-buttons--skin-framed elementor-share-buttons--shape-circle elementor-share-buttons--color-custom elementor-grid-0 elementor-widget elementor-widget-share-buttons\" data-id=\"3b20e70e\" data-element_type=\"widget\" data-widget_type=\"share-buttons.default\">\n\t\t\t\t<div class=\"elementor-widget-container\">\n\t\t\t\t\t\t\t<div class=\"elementor-grid\" role=\"list\">\n\t\t\t\t\t\t\t\t<div class=\"elementor-grid-item\" role=\"listitem\">\n\t\t\t\t\t\t<div class=\"elementor-share-btn elementor-share-btn_facebook\" role=\"button\" tabindex=\"0\" aria-label=\"Compartir en facebook\">\n\t\t\t\t\t\t\t\t\t\t\t\t\t\t\t<span class=\"elementor-share-btn__icon\">\n\t\t\t\t\t\t\t\t<i class=\"fab fa-facebook\" aria-hidden=\"true\"><\/i>\t\t\t\t\t\t\t<\/span>\n\t\t\t\t\t\t\t\t\t\t\t\t\t\t\t\t\t\t\t\t<\/div>\n\t\t\t\t\t<\/div>\n\t\t\t\t\t\t\t\t\t<div class=\"elementor-grid-item\" role=\"listitem\">\n\t\t\t\t\t\t<div class=\"elementor-share-btn elementor-share-btn_twitter\" role=\"button\" tabindex=\"0\" aria-label=\"Compartir en twitter\">\n\t\t\t\t\t\t\t\t\t\t\t\t\t\t\t<span class=\"elementor-share-btn__icon\">\n\t\t\t\t\t\t\t\t<i class=\"fab fa-twitter\" aria-hidden=\"true\"><\/i>\t\t\t\t\t\t\t<\/span>\n\t\t\t\t\t\t\t\t\t\t\t\t\t\t\t\t\t\t\t\t<\/div>\n\t\t\t\t\t<\/div>\n\t\t\t\t\t\t\t\t\t<div class=\"elementor-grid-item\" role=\"listitem\">\n\t\t\t\t\t\t<div class=\"elementor-share-btn elementor-share-btn_linkedin\" role=\"button\" tabindex=\"0\" aria-label=\"Compartir en linkedin\">\n\t\t\t\t\t\t\t\t\t\t\t\t\t\t\t<span class=\"elementor-share-btn__icon\">\n\t\t\t\t\t\t\t\t<i class=\"fab fa-linkedin\" aria-hidden=\"true\"><\/i>\t\t\t\t\t\t\t<\/span>\n\t\t\t\t\t\t\t\t\t\t\t\t\t\t\t\t\t\t\t\t<\/div>\n\t\t\t\t\t<\/div>\n\t\t\t\t\t\t\t\t\t<div class=\"elementor-grid-item\" role=\"listitem\">\n\t\t\t\t\t\t<div class=\"elementor-share-btn elementor-share-btn_whatsapp\" role=\"button\" tabindex=\"0\" aria-label=\"Compartir en whatsapp\">\n\t\t\t\t\t\t\t\t\t\t\t\t\t\t\t<span class=\"elementor-share-btn__icon\">\n\t\t\t\t\t\t\t\t<i class=\"fab fa-whatsapp\" aria-hidden=\"true\"><\/i>\t\t\t\t\t\t\t<\/span>\n\t\t\t\t\t\t\t\t\t\t\t\t\t\t\t\t\t\t\t\t<\/div>\n\t\t\t\t\t<\/div>\n\t\t\t\t\t\t<\/div>\n\t\t\t\t\t\t<\/div>\n\t\t\t\t<\/div>\n\t\t\t\t<div class=\"elementor-element elementor-element-51c7ed75 elementor-widget elementor-widget-spacer\" data-id=\"51c7ed75\" data-element_type=\"widget\" data-widget_type=\"spacer.default\">\n\t\t\t\t<div class=\"elementor-widget-container\">\n\t\t\t\t\t\t\t<div class=\"elementor-spacer\">\n\t\t\t<div class=\"elementor-spacer-inner\"><\/div>\n\t\t<\/div>\n\t\t\t\t\t\t<\/div>\n\t\t\t\t<\/div>\n\t\t\t\t\t<\/div>\n\t\t<\/div>\n\t\t\t\t\t<\/div>\n\t\t<\/section>\n\t\t\t\t<\/div>\n\t\t","protected":false},"excerpt":{"rendered":"<p>El Salone del Mobile de Mil\u00e1n es la feria de muebles, dise\u00f1o y arquitectura de interiores m\u00e1s importante del mundo. Desde su fundaci\u00f3n en 1961, se ha convertido en uno de los puntos de encuentro m\u00e1s importantes para arquitectos, dise\u00f1adores y fabricantes de muebles. Cada a\u00f1o, miles de visitantes profesionales acuden a Mil\u00e1n para conocer &#8230; <a title=\"Salone del Mobile Milano &#8211; La feria de muebles y dise\u00f1o m\u00e1s importante del mundo\" class=\"read-more\" href=\"https:\/\/bauenmallorca.com\/es\/salone-del-mobile-milano-la-feria-de-muebles-y-diseno-mas-importante-del-mundo\/\" aria-label=\"Leer m\u00e1s sobre Salone del Mobile Milano &#8211; La feria de muebles y dise\u00f1o m\u00e1s importante del mundo\">Leer m\u00e1s<\/a><\/p>\n","protected":false},"author":3,"featured_media":3695,"comment_status":"closed","ping_status":"closed","sticky":false,"template":"elementor_header_footer","format":"standard","meta":{"inline_featured_image":false,"footnotes":""},"categories":[55],"tags":[],"class_list":["post-3699","post","type-post","status-publish","format-standard","has-post-thumbnail","hentry","category-consejos"],"_links":{"self":[{"href":"https:\/\/bauenmallorca.com\/es\/wp-json\/wp\/v2\/posts\/3699","targetHints":{"allow":["GET"]}}],"collection":[{"href":"https:\/\/bauenmallorca.com\/es\/wp-json\/wp\/v2\/posts"}],"about":[{"href":"https:\/\/bauenmallorca.com\/es\/wp-json\/wp\/v2\/types\/post"}],"author":[{"embeddable":true,"href":"https:\/\/bauenmallorca.com\/es\/wp-json\/wp\/v2\/users\/3"}],"replies":[{"embeddable":true,"href":"https:\/\/bauenmallorca.com\/es\/wp-json\/wp\/v2\/comments?post=3699"}],"version-history":[{"count":0,"href":"https:\/\/bauenmallorca.com\/es\/wp-json\/wp\/v2\/posts\/3699\/revisions"}],"wp:featuredmedia":[{"embeddable":true,"href":"https:\/\/bauenmallorca.com\/es\/wp-json\/wp\/v2\/media\/3695"}],"wp:attachment":[{"href":"https:\/\/bauenmallorca.com\/es\/wp-json\/wp\/v2\/media?parent=3699"}],"wp:term":[{"taxonomy":"category","embeddable":true,"href":"https:\/\/bauenmallorca.com\/es\/wp-json\/wp\/v2\/categories?post=3699"},{"taxonomy":"post_tag","embeddable":true,"href":"https:\/\/bauenmallorca.com\/es\/wp-json\/wp\/v2\/tags?post=3699"}],"curies":[{"name":"wp","href":"https:\/\/api.w.org\/{rel}","templated":true}]}}